{"id":5485,"date":"2024-06-05T16:12:11","date_gmt":"2024-06-05T14:12:11","guid":{"rendered":"https:\/\/agricampuslaroque.fr\/?p=5485"},"modified":"2024-06-05T16:13:52","modified_gmt":"2024-06-05T14:13:52","slug":"visite-de-la-presidente-du-conseil-regional-doccitanie-a-lagicampus-la-roque","status":"publish","type":"post","link":"https:\/\/agricampuslaroque.fr\/index.php\/2024\/06\/05\/visite-de-la-presidente-du-conseil-regional-doccitanie-a-lagicampus-la-roque\/","title":{"rendered":"Visite de la Pr\u00e9sidente du Conseil R\u00e9gional d&rsquo;Occitanie \u00e0 l&rsquo;Agicampus La Roque."},"content":{"rendered":"\t\t<div data-elementor-type=\"wp-post\" data-elementor-id=\"5485\" class=\"elementor elementor-5485\">\n\t\t\t\t\t\t<section class=\"elementor-section elementor-top-section elementor-element elementor-element-15694ab3 elementor-section-content-middle elementor-section-boxed elementor-section-height-default elementor-section-height-default wpr-particle-no wpr-jarallax-no wpr-parallax-no wpr-sticky-section-no wpr-equal-height-no\" data-id=\"15694ab3\" data-element_type=\"section\" data-e-type=\"section\">\n\t\t\t\t\t\t<div class=\"elementor-container elementor-column-gap-no\">\n\t\t\t\t\t<div class=\"elementor-column elementor-col-100 elementor-top-column elementor-element elementor-element-7699a58e\" data-id=\"7699a58e\" data-element_type=\"column\" data-e-type=\"column\">\n\t\t\t<div class=\"elementor-widget-wrap elementor-element-populated\">\n\t\t\t\t\t\t<div class=\"elementor-element elementor-element-473a9798 elementor-widget elementor-widget-image\" data-id=\"473a9798\" data-element_type=\"widget\" data-e-type=\"widget\" data-widget_type=\"image.default\">\n\t\t\t\t<div class=\"elementor-widget-container\">\n\t\t\t\t\t\t\t\t\t\t\t\t\t\t\t<img fetchpriority=\"high\" decoding=\"async\" width=\"2560\" height=\"1920\" src=\"https:\/\/agricampuslaroque.fr\/wp-content\/uploads\/2024\/06\/IMG_1085-scaled.jpeg\" class=\"attachment-full size-full wp-image-5488\" alt=\"\" srcset=\"https:\/\/agricampuslaroque.fr\/wp-content\/uploads\/2024\/06\/IMG_1085-scaled.jpeg 2560w, https:\/\/agricampuslaroque.fr\/wp-content\/uploads\/2024\/06\/IMG_1085-300x225.jpeg 300w, https:\/\/agricampuslaroque.fr\/wp-content\/uploads\/2024\/06\/IMG_1085-1024x768.jpeg 1024w, https:\/\/agricampuslaroque.fr\/wp-content\/uploads\/2024\/06\/IMG_1085-768x576.jpeg 768w, https:\/\/agricampuslaroque.fr\/wp-content\/uploads\/2024\/06\/IMG_1085-1536x1152.jpeg 1536w, https:\/\/agricampuslaroque.fr\/wp-content\/uploads\/2024\/06\/IMG_1085-2048x1536.jpeg 2048w\" sizes=\"(max-width: 2560px) 100vw, 2560px\" \/>\t\t\t\t\t\t\t\t\t\t\t\t\t\t\t<\/div>\n\t\t\t\t<\/div>\n\t\t\t\t<div class=\"elementor-element elementor-element-32494d22 elementor-widget elementor-widget-heading\" data-id=\"32494d22\" data-element_type=\"widget\" data-e-type=\"widget\" data-widget_type=\"heading.default\">\n\t\t\t\t<div class=\"elementor-widget-container\">\n\t\t\t\t\t<h3 class=\"elementor-heading-title elementor-size-default\">Visite de la Pr\u00e9sidente du Conseil R\u00e9gional d'Occitanie \u00e0 l'Agicampus La Roque<\/h3>\t\t\t\t<\/div>\n\t\t\t\t<\/div>\n\t\t\t\t<div class=\"elementor-element elementor-element-436d00c2 elementor-widget elementor-widget-text-editor\" data-id=\"436d00c2\" data-element_type=\"widget\" data-e-type=\"widget\" data-widget_type=\"text-editor.default\">\n\t\t\t\t<div class=\"elementor-widget-container\">\n\t\t\t\t\t\t\t\t\t<p>Vendredi dernier, nous avons eu l&rsquo;honneur d&rsquo;accueillir <span class=\"html-span xdj266r x11i5rnm xat24cr x1mh8g0r xexx8yu x4uap5 x18d9i69 xkhd6sd x1hl2dhg x16tdsg8 x1vvkbs\"><a class=\"x1i10hfl xjbqb8w x1ejq31n xd10rxx x1sy0etr x17r0tee x972fbf xcfux6l x1qhh985 xm0m39n x9f619 x1ypdohk xt0psk2 xe8uvvx xdj266r x11i5rnm xat24cr x1mh8g0r xexx8yu x4uap5 x18d9i69 xkhd6sd x16tdsg8 x1hl2dhg xggy1nq x1a2a7pz x1sur9pj xkrqix3 x1fey0fg xo1l8bm\" tabindex=\"0\" role=\"link\" href=\"https:\/\/www.facebook.com\/caroledelga?__cft__[0]=AZX-wguoA2Y0go74wDI7OYJrRIF3kXuHNuAOxxGbatrfOyv-26mPJqXaSRO3FjcyMd1uBCZQ2oQu3_mTkGi4HeE1TJ7D59szoqCT0koi41REC_knG1R-EYE6F0cnVJxtPxLWGqssWjkD2F3q1FbCkKVx09MLyrAZstcxTbnE8Wq3vJYOCNQWFNgsZ9ImHppJ7naEuIYRXsQPnUQzh2VAij0N&amp;__tn__=-]K-R\"><span class=\"xt0psk2\">Carole Delga<\/span><\/a><\/span> , pr\u00e9sidente de <span class=\"html-span xdj266r x11i5rnm xat24cr x1mh8g0r xexx8yu x4uap5 x18d9i69 xkhd6sd x1hl2dhg x16tdsg8 x1vvkbs\"><a class=\"x1i10hfl xjbqb8w x1ejq31n xd10rxx x1sy0etr x17r0tee x972fbf xcfux6l x1qhh985 xm0m39n x9f619 x1ypdohk xt0psk2 xe8uvvx xdj266r x11i5rnm xat24cr x1mh8g0r xexx8yu x4uap5 x18d9i69 xkhd6sd x16tdsg8 x1hl2dhg xggy1nq x1a2a7pz x1sur9pj xkrqix3 x1fey0fg xo1l8bm\" tabindex=\"0\" role=\"link\" href=\"https:\/\/www.facebook.com\/LaRegionOccitaniePyreneesMediterranee?__cft__[0]=AZX-wguoA2Y0go74wDI7OYJrRIF3kXuHNuAOxxGbatrfOyv-26mPJqXaSRO3FjcyMd1uBCZQ2oQu3_mTkGi4HeE1TJ7D59szoqCT0koi41REC_knG1R-EYE6F0cnVJxtPxLWGqssWjkD2F3q1FbCkKVx09MLyrAZstcxTbnE8Wq3vJYOCNQWFNgsZ9ImHppJ7naEuIYRXsQPnUQzh2VAij0N&amp;__tn__=-]K-R\"><span class=\"xt0psk2\">La R\u00e9gion Occitanie \/ Pyr\u00e9n\u00e9es-M\u00e9diterran\u00e9e<\/span><\/a><\/span> , \u00e0 l&rsquo;Agricampus de La Roque pour inaugurer la fin des travaux de l&rsquo;externat et visiter l&rsquo;exploitation agricole. Nous notons la pr\u00e9sence importante d&rsquo;\u00e9lus, professionnels et partenaires.<\/p>\t\t\t\t\t\t\t\t<\/div>\n\t\t\t\t<\/div>\n\t\t\t\t<section class=\"elementor-section elementor-inner-section elementor-element elementor-element-6ff134b3 elementor-section-boxed elementor-section-height-default elementor-section-height-default wpr-particle-no wpr-jarallax-no wpr-parallax-no wpr-sticky-section-no wpr-equal-height-no\" data-id=\"6ff134b3\" data-element_type=\"section\" data-e-type=\"section\">\n\t\t\t\t\t\t<div class=\"elementor-container elementor-column-gap-default\">\n\t\t\t\t\t<div class=\"elementor-column elementor-col-50 elementor-inner-column elementor-element elementor-element-1f8ee50a\" data-id=\"1f8ee50a\" data-element_type=\"column\" data-e-type=\"column\">\n\t\t\t<div class=\"elementor-widget-wrap elementor-element-populated\">\n\t\t\t\t\t\t<div class=\"elementor-element elementor-element-73ef7b0a elementor-widget elementor-widget-text-editor\" data-id=\"73ef7b0a\" data-element_type=\"widget\" data-e-type=\"widget\" data-widget_type=\"text-editor.default\">\n\t\t\t\t<div class=\"elementor-widget-container\">\n\t\t\t\t\t\t\t\t\t<p>La R\u00e9gion a investi 7 M\u20ac pour moderniser nos infrastructures, incluant la r\u00e9novation de l&rsquo;exploitation agricole (qui a accompagn\u00e9 le changement de production) et des b\u00e2timents p\u00e9dagogiques, ainsi que l&rsquo;extension de l&rsquo;internat.<\/p><p>\u00a0<\/p><p>Le maire, Jean-Philippe Keroslian, a rappel\u00e9 l&rsquo;importance des infrastructures communales environnantes, tandis que notre directeur, Thierry Force, a mis en avant nos taux de r\u00e9ussite exceptionnels, nos partenariats solides, et nos initiatives en mati\u00e8re de coop\u00e9ration internationale.<\/p>\t\t\t\t\t\t\t\t<\/div>\n\t\t\t\t<\/div>\n\t\t\t\t\t<\/div>\n\t\t<\/div>\n\t\t\t\t<div class=\"elementor-column elementor-col-50 elementor-inner-column elementor-element elementor-element-6f179aad\" data-id=\"6f179aad\" data-element_type=\"column\" data-e-type=\"column\">\n\t\t\t<div class=\"elementor-widget-wrap elementor-element-populated\">\n\t\t\t\t\t\t<div class=\"elementor-element elementor-element-a01fec2 elementor-widget elementor-widget-image\" data-id=\"a01fec2\" data-element_type=\"widget\" data-e-type=\"widget\" data-widget_type=\"image.default\">\n\t\t\t\t<div class=\"elementor-widget-container\">\n\t\t\t\t\t\t\t\t\t\t\t\t\t\t\t<img decoding=\"async\" width=\"861\" height=\"1024\" src=\"https:\/\/agricampuslaroque.fr\/wp-content\/uploads\/2024\/06\/IMG_1069-861x1024.jpeg\" class=\"attachment-large size-large wp-image-5487\" alt=\"\" srcset=\"https:\/\/agricampuslaroque.fr\/wp-content\/uploads\/2024\/06\/IMG_1069-861x1024.jpeg 861w, https:\/\/agricampuslaroque.fr\/wp-content\/uploads\/2024\/06\/IMG_1069-252x300.jpeg 252w, https:\/\/agricampuslaroque.fr\/wp-content\/uploads\/2024\/06\/IMG_1069-768x914.jpeg 768w, https:\/\/agricampuslaroque.fr\/wp-content\/uploads\/2024\/06\/IMG_1069-1291x1536.jpeg 1291w, https:\/\/agricampuslaroque.fr\/wp-content\/uploads\/2024\/06\/IMG_1069-1721x2048.jpeg 1721w\" sizes=\"(max-width: 861px) 100vw, 861px\" \/>\t\t\t\t\t\t\t\t\t\t\t\t\t\t\t<\/div>\n\t\t\t\t<\/div>\n\t\t\t\t\t<\/div>\n\t\t<\/div>\n\t\t\t\t\t<\/div>\n\t\t<\/section>\n\t\t\t\t<div class=\"elementor-element elementor-element-91af2ad elementor-widget elementor-widget-spacer\" data-id=\"91af2ad\" data-element_type=\"widget\" data-e-type=\"widget\" data-widget_type=\"spacer.default\">\n\t\t\t\t<div class=\"elementor-widget-container\">\n\t\t\t\t\t\t\t<div class=\"elementor-spacer\">\n\t\t\t<div class=\"elementor-spacer-inner\"><\/div>\n\t\t<\/div>\n\t\t\t\t\t\t<\/div>\n\t\t\t\t<\/div>\n\t\t\t\t<section class=\"elementor-section elementor-inner-section elementor-element elementor-element-872d69f elementor-section-boxed elementor-section-height-default elementor-section-height-default wpr-particle-no wpr-jarallax-no wpr-parallax-no wpr-sticky-section-no wpr-equal-height-no\" data-id=\"872d69f\" data-element_type=\"section\" data-e-type=\"section\">\n\t\t\t\t\t\t<div class=\"elementor-container elementor-column-gap-default\">\n\t\t\t\t\t<div class=\"elementor-column elementor-col-50 elementor-inner-column elementor-element elementor-element-7bfc897\" data-id=\"7bfc897\" data-element_type=\"column\" data-e-type=\"column\">\n\t\t\t<div class=\"elementor-widget-wrap elementor-element-populated\">\n\t\t\t\t\t\t<div class=\"elementor-element elementor-element-1e970b1 elementor-widget elementor-widget-image\" data-id=\"1e970b1\" data-element_type=\"widget\" data-e-type=\"widget\" data-widget_type=\"image.default\">\n\t\t\t\t<div class=\"elementor-widget-container\">\n\t\t\t\t\t\t\t\t\t\t\t\t\t\t\t<img decoding=\"async\" width=\"960\" height=\"720\" src=\"https:\/\/agricampuslaroque.fr\/wp-content\/uploads\/2024\/06\/IMGP1360-1-1024x768.jpg\" class=\"attachment-large size-large wp-image-5489\" alt=\"\" srcset=\"https:\/\/agricampuslaroque.fr\/wp-content\/uploads\/2024\/06\/IMGP1360-1-1024x768.jpg 1024w, https:\/\/agricampuslaroque.fr\/wp-content\/uploads\/2024\/06\/IMGP1360-1-300x225.jpg 300w, https:\/\/agricampuslaroque.fr\/wp-content\/uploads\/2024\/06\/IMGP1360-1-768x576.jpg 768w, https:\/\/agricampuslaroque.fr\/wp-content\/uploads\/2024\/06\/IMGP1360-1-1536x1152.jpg 1536w, https:\/\/agricampuslaroque.fr\/wp-content\/uploads\/2024\/06\/IMGP1360-1-2048x1536.jpg 2048w\" sizes=\"(max-width: 960px) 100vw, 960px\" \/>\t\t\t\t\t\t\t\t\t\t\t\t\t\t\t<\/div>\n\t\t\t\t<\/div>\n\t\t\t\t\t<\/div>\n\t\t<\/div>\n\t\t\t\t<div class=\"elementor-column elementor-col-50 elementor-inner-column elementor-element elementor-element-2939c49\" data-id=\"2939c49\" data-element_type=\"column\" data-e-type=\"column\">\n\t\t\t<div class=\"elementor-widget-wrap elementor-element-populated\">\n\t\t\t\t\t\t<div class=\"elementor-element elementor-element-eb7a248 elementor-widget elementor-widget-text-editor\" data-id=\"eb7a248\" data-element_type=\"widget\" data-e-type=\"widget\" data-widget_type=\"text-editor.default\">\n\t\t\t\t<div class=\"elementor-widget-container\">\n\t\t\t\t\t\t\t\t\t<div class=\"x11i5rnm xat24cr x1mh8g0r x1vvkbs xtlvy1s x126k92a\"><div dir=\"auto\">Nous sommes \u00e9galement fiers des projets comme \u00ab Occit\u2019avenir-Lyc\u00e9e \u00e0 \u00e9nergie positive \u00bb, impliquant nos \u00e9l\u00e8ves dans la transition \u00e9nerg\u00e9tique. Ces efforts seront pr\u00e9sent\u00e9s lors du concours de plaidoiries \u00e0 l&rsquo;IUT de Rodez.<\/div><div dir=\"auto\">\u00a0<\/div><\/div><div class=\"x11i5rnm xat24cr x1mh8g0r x1vvkbs xtlvy1s x126k92a\"><div dir=\"auto\">Encore merci \u00e0 Carole Delga pour son engagement et son soutien continu, qui nous permettent d&rsquo;offrir des conditions d&rsquo;\u00e9tudes optimales \u00e0 nos \u00e9l\u00e8ves, \u00e9tudiants , apprentis et stagiaires.<\/div><\/div>\t\t\t\t\t\t\t\t<\/div>\n\t\t\t\t<\/div>\n\t\t\t\t\t<\/div>\n\t\t<\/div>\n\t\t\t\t\t<\/div>\n\t\t<\/section>\n\t\t\t\t\t<\/div>\n\t\t<\/div>\n\t\t\t\t\t<\/div>\n\t\t<\/section>\n\t\t\t\t<\/div>\n\t\t","protected":false},"excerpt":{"rendered":"<p>Visite de la Pr\u00e9sidente du Conseil R\u00e9gional d&rsquo;Occitanie \u00e0 l&rsquo;Agicampus La Roque Vendredi dernier, nous avons eu l&rsquo;honneur d&rsquo;accueillir Carole Delga , pr\u00e9sidente de La R\u00e9gion Occitanie \/ Pyr\u00e9n\u00e9es-M\u00e9diterran\u00e9e , \u00e0 l&rsquo;Agricampus de La Roque pour inaugurer la fin des travaux de l&rsquo;externat et visiter l&rsquo;exploitation agricole. Nous notons la pr\u00e9sence importante d&rsquo;\u00e9lus, professionnels et partenaires. La R\u00e9gion a investi 7 M\u20ac pour moderniser nos infrastructures, incluant la r\u00e9novation de l&rsquo;exploitation agricole (qui a accompagn\u00e9 le changement de production) et des b\u00e2timents p\u00e9dagogiques, ainsi que l&rsquo;extension de l&rsquo;internat. \u00a0 Le maire, Jean-Philippe Keroslian, a rappel\u00e9 l&rsquo;importance des infrastructures communales environnantes, tandis que notre directeur, Thierry Force, a mis en avant nos taux de r\u00e9ussite exceptionnels, nos partenariats solides, et nos initiatives en mati\u00e8re de coop\u00e9ration internationale. Nous sommes \u00e9galement fiers des projets comme \u00ab Occit\u2019avenir-Lyc\u00e9e \u00e0 \u00e9nergie positive \u00bb, impliquant nos \u00e9l\u00e8ves dans la transition \u00e9nerg\u00e9tique. Ces efforts seront pr\u00e9sent\u00e9s lors du concours de plaidoiries \u00e0 l&rsquo;IUT de Rodez.\u00a0Encore merci \u00e0 Carole Delga pour son engagement et son soutien continu, qui nous permettent d&rsquo;offrir des conditions d&rsquo;\u00e9tudes optimales \u00e0 nos \u00e9l\u00e8ves, \u00e9tudiants , apprentis et stagiaires.<\/p>\n","protected":false},"author":2,"featured_media":0,"comment_status":"closed","ping_status":"closed","sticky":false,"template":"","format":"standard","meta":{"_jetpack_memberships_contains_paid_content":false,"footnotes":""},"categories":[37,39,41,38,40],"tags":[49,50,51,56,79,78,70,44,77,80],"class_list":["post-5485","post","type-post","status-publish","format-standard","hentry","category-agricampus","category-cfa-cfppa","category-exploitation-agricole","category-lycee","category-pole-transformation","tag-agricampus","tag-agricole","tag-agriculture","tag-aveyron","tag-delga","tag-exploitation","tag-laroque","tag-lycee","tag-occitanie","tag-visite"],"jetpack_featured_media_url":"","jetpack_sharing_enabled":true,"_links":{"self":[{"href":"https:\/\/agricampuslaroque.fr\/index.php\/wp-json\/wp\/v2\/posts\/5485","targetHints":{"allow":["GET"]}}],"collection":[{"href":"https:\/\/agricampuslaroque.fr\/index.php\/wp-json\/wp\/v2\/posts"}],"about":[{"href":"https:\/\/agricampuslaroque.fr\/index.php\/wp-json\/wp\/v2\/types\/post"}],"author":[{"embeddable":true,"href":"https:\/\/agricampuslaroque.fr\/index.php\/wp-json\/wp\/v2\/users\/2"}],"replies":[{"embeddable":true,"href":"https:\/\/agricampuslaroque.fr\/index.php\/wp-json\/wp\/v2\/comments?post=5485"}],"version-history":[{"count":4,"href":"https:\/\/agricampuslaroque.fr\/index.php\/wp-json\/wp\/v2\/posts\/5485\/revisions"}],"predecessor-version":[{"id":5492,"href":"https:\/\/agricampuslaroque.fr\/index.php\/wp-json\/wp\/v2\/posts\/5485\/revisions\/5492"}],"wp:attachment":[{"href":"https:\/\/agricampuslaroque.fr\/index.php\/wp-json\/wp\/v2\/media?parent=5485"}],"wp:term":[{"taxonomy":"category","embeddable":true,"href":"https:\/\/agricampuslaroque.fr\/index.php\/wp-json\/wp\/v2\/categories?post=5485"},{"taxonomy":"post_tag","embeddable":true,"href":"https:\/\/agricampuslaroque.fr\/index.php\/wp-json\/wp\/v2\/tags?post=5485"}],"curies":[{"name":"wp","href":"https:\/\/api.w.org\/{rel}","templated":true}]}}